{"id":1784,"date":"2018-03-26T11:54:24","date_gmt":"2018-03-26T09:54:24","guid":{"rendered":"https:\/\/www.expertiger.de\/blog\/?p=1784"},"modified":"2019-01-24T10:43:13","modified_gmt":"2019-01-24T09:43:13","slug":"facebook-account-loeschen","status":"publish","type":"post","link":"https:\/\/www.expertiger.de\/blog\/facebook-account-loeschen\/","title":{"rendered":"Social Media Skills: So k\u00f6nnt Ihr euren Facebook Account l\u00f6schen"},"content":{"rendered":"<p><strong>Nachdem Facebook im M\u00e4rz diesen Jahres von einem gro\u00dfen Datenskandal getroffen wurde, \u00fcberlegen sich viele &#8211; und vielleicht auch ihr in <a href=\"https:\/\/www.expertiger.de\/pc-service\/n\u00fcrnberg?tkupid=BLOG&amp;utm_campaign=in-text-links\">N\u00fcnberg<\/a>, <a href=\"https:\/\/www.expertiger.de\/pc-service\/essen?tkupid=BLOG&amp;utm_campaign=in-text-links\">Essen<\/a> und dem Rest von Deutschland &#8211; ob ihr \u00fcberhaupt noch ein Profil braucht oder ob der Facebook Account lieber gel\u00f6scht werden soll. Doch wie geht das \u00fcberhaupt &#8211; den Facebook Account l\u00f6schen? Wir haben das mal f\u00fcr euch getestet und eine Anleitung verfasst, denn wer h\u00e4tte es gedacht: Das ist alles andere als einfach!<\/strong> <!--more--><\/p>\n<h2>Wie kann ich meinen Facebook Account l\u00f6schen?<\/h2>\n<p>Grunds\u00e4tzlich stehen euch zwei M\u00f6glichkeiten offen, die es erlauben sich von Facebook zu verabschieden. Ihr k\u00f6nnt zum einen euren Account deaktivieren &#8211; allerdings bleiben dann s\u00e4mtliche Daten gespeichert. Zum anderen k\u00f6nnt ihr euer Profil l\u00f6schen. Facebook ist nat\u00fcrlich daran interessiert, dass euer Profil so lange wie m\u00f6glich bestehen bleibt. Deswegen kommt ihr nur \u00fcber Umwege zur &#8220;Account l\u00f6schen&#8221;-Funktion.<\/p>\n<p>&nbsp;<\/p>\n<h3>Facebook Account deaktivieren<\/h3>\n<p>Geht euch die vollst\u00e4ndige L\u00f6schung eures Facebook Accounts noch zu weit, habt ihr auch die M\u00f6glichkeit ihn nur zu deaktivieren. Beim Deaktivieren des Profils werden dein Name und deine Fotos aus den Beitr\u00e4gen gel\u00f6scht, die du geteilt hast. Einige Inhalte bleiben aber trotzdem bestehen. Dabei handelt es sich um Nachrichten, die du im Chat versendet hast oder um deinen Namen in den Kontaktlisten deiner Facebook-Freunde.<\/p>\n<p>Du deaktivierst dein FB-Profil indem du neben dem Fragezeichen-Symbol auf den &#8220;Pfeil nach unten&#8221;-Button klickst. Gehe dann auf &#8220;Einstellungen&#8221; und bleib in der Rubrik &#8220;Allgemein&#8221;. Bei den allgemeinen Kontoeinstellungen findest du den Punkt &#8220;Konto verwalten&#8221;. Klicke hier auf &#8220;Bearbeiten&#8221;.<\/p>\n<p><img class=\"alignnone wp-image-6596 size-full\" src=\"https:\/\/www.expertiger.de\/blog\/wp-content\/uploads\/2015\/02\/FB-Konto-Deaktivierung.png\" alt=\"Facebook Konto Deaktivierung\" width=\"1035\" height=\"633\" \/><\/p>\n<p>Du kannst hier neben dem Festlegen eines Nachlasskontaktes auch die Option &#8220;Deaktiviere dein Konto&#8221; ausw\u00e4hlen. Folge dann einfach den eingeblendeten Schritten.<\/p>\n<p>Wenn dich dazu entscheiden solltest, dein Facebook-Profil doch noch weiter zu verwenden, kannst du die Deaktivierung wieder aufheben, indem du dich erneut mit deinem Profil anmeldest. Nutze dazu einfach deine alte E-Mail-Adresse und Passwort.<\/p>\n<h3>Vor dem L\u00f6schen: Datensicherung<\/h3>\n<p>Wenn ihr euren Facebook Account vollst\u00e4ndig l\u00f6schen m\u00f6chtet, werdet ihr nicht mehr auf all die Fotos und Videos, die ihr hochgeladen habt zugreifen k\u00f6nnen. Au\u00dfer ihr legt zuvor eine Datensicherung an.<\/p>\n<p>Eure Daten sichern k\u00f6nnt ihr ebenfalls unter &#8220;Pfeil nach unten&#8221; &#8211;&gt; &#8220;Einstellungen&#8221; &#8211;&gt; &#8220;allgemeine Kontoeinstellungen&#8221;. Dort findet ihr den Link &#8220;Lade eine Kopie deiner Daten herunter&#8221;.<\/p>\n<p>&nbsp;<\/p>\n<p><img class=\"alignnone wp-image-6604 size-full\" src=\"https:\/\/www.expertiger.de\/blog\/wp-content\/uploads\/2015\/02\/Facebook-Daten-speichern-1.png\" alt=\"Facebook Daten speichern\" width=\"998\" height=\"422\" \/><\/p>\n<p>Klickt auf den Link und dann auf &#8220;Archiv herunterladen&#8221;. Ihr bekommt dann nach ein paar Minuten eine E-Mail zugesendet mit einem Link, der euch zu einer ZIP-Datei f\u00fchrt. In dieser ZIP-Datei sind Daten wie eure Fotos, Videos oder andere Inhalte gespeichert.<\/p>\n<h3>Facebook Account dauerhaft l\u00f6schen<\/h3>\n<p>Wenn ihr euren Facebook Account komplett l\u00f6schen m\u00f6chtet, geht ihr folgenderma\u00dfen vor: Unter dem Bereich &#8220;Schnellhilfe&#8221; (Fragezeichen-Symbol neben den Benachrichtigungen) tippt ihr in das Suchfeld &#8220;Konto l\u00f6schen&#8221; ein. Dort sollte euch dann ein Artikel angezeigt werden mit dem Namen &#8220;Wie l\u00f6sche ich mein Konto dauerhaft?&#8221;.<\/p>\n<p><img class=\"aligncenter wp-image-6597 size-full\" src=\"https:\/\/www.expertiger.de\/blog\/wp-content\/uploads\/2015\/02\/Facebook-Konto-dauerhaft-l\u00f6schen.png\" alt=\"Facebook Konto dauerhaft L\u00f6schen\" width=\"338\" height=\"420\" \/><\/p>\n<p>Im Artikel findet ihr einen Link. Folgt ihr ihm, f\u00fchrt er euch zu einem Fenster, in dem ihr die L\u00f6schung eures Facebook Accounts beantragen k\u00f6nnt.<\/p>\n<p>Sollte das genauso viel Zeit in Anspruch nehmen wie in unserem Test kann man alternativ auch einfach auf folgenden Link klicken:<\/p>\n<p><strong><a title=\"Hier k\u00f6nnt ihr euren Facebook Account l\u00f6schen\" href=\"https:\/\/www.facebook.com\/help\/delete_account\" target=\"_blank\" rel=\"noopener\">https:\/\/www.facebook.com\/help\/delete_account<\/a><\/strong><\/p>\n<p>Anschlie\u00dfend erscheint die Seite, die auch im Titelbild dieses Eintrags zu sehen ist. Hier werdet ihr von Facebook nochmal freundlichst auf die Konsequenzen hingewiesen, die das L\u00f6schen des Facebook Accounts mit sich bringt.<\/p>\n<p>&nbsp;<\/p>\n<h3>Was ist noch zu beachten?<\/h3>\n<p>Hier noch ein gut gemeinter Ratschlag, den euch eure Freunde (die echten) danken werden, die weiterhin auf Facebook angemeldet bleiben. Sobald User n\u00e4mlich ihren Facebook Account l\u00f6schen, werden s\u00e4mtliche Bilder, die diese hochgeladen hatten, ebenfalls gel\u00f6scht. Wenn ihr also euren Freunden einen Gefallen tun wollt, sagt ihnen mit ausreichend Vorlauf bescheid, dass sie Bilder, auf denen sie markiert sind und die sie gerne behalten w\u00fcrden, doch bitte herunterladen und so sichern sollten.<\/p>\n<p>Au\u00dferdem stellt Facebook eure Entschlossenheit noch auf eine harte Probe: Etwa 14 Tage m\u00fcsst ihr stark bleiben, um die L\u00f6schung endg\u00fcltig sicherzustellen. Meldet ihr euch n\u00e4mlich innerhalb dieser Zeit nochmals mit eurem Account an, so fasst Facebook das als Meinungs\u00e4nderung auf und feiert die Vers\u00f6hnung, indem es euren L\u00f6schauftrag direkt wieder entfernt.<\/p>\n<p>&nbsp;<\/p>\n<h2>Fazit<\/h2>\n<p>Obwohl es absolut verst\u00e4ndlich ist, das Facebook wenig bis kein Interesse daran hat, dass Nutzer ihre Profile und Daten endg\u00fcltig l\u00f6schen, werden den Anwendern hier doch einige Steine in den Weg gelegt. Wir hoffen, wir konnten euch den Schritt mit unserer Anleitung etwas erleichtern!<\/p>\n<hr \/>\n<h4 style=\"text-align: center;\">Wie hat dir der Artikel gefallen?<\/h4>\n<p style=\"text-align: center;\"><div style=\"display: none;\"\n    class=\"kk-star-ratings   \"\n    data-id=\"1784\"\n    data-slug=\"\">\n    <div class=\"kksr-stars\">\n    <div class=\"kksr-stars-inactive\">\n            <div class=\"kksr-star\" data-star=\"1\">\n            <div class=\"kksr-icon\" style=\"width: 22px; height: 22px;\"><\/div>\n        <\/div>\n            <div class=\"kksr-star\" data-star=\"2\">\n            <div class=\"kksr-icon\" style=\"width: 22px; height: 22px;\"><\/div>\n        <\/div>\n            <div class=\"kksr-star\" data-star=\"3\">\n            <div class=\"kksr-icon\" style=\"width: 22px; height: 22px;\"><\/div>\n        <\/div>\n            <div class=\"kksr-star\" data-star=\"4\">\n            <div class=\"kksr-icon\" style=\"width: 22px; height: 22px;\"><\/div>\n        <\/div>\n            <div class=\"kksr-star\" data-star=\"5\">\n            <div class=\"kksr-icon\" style=\"width: 22px; height: 22px;\"><\/div>\n        <\/div>\n    <\/div>\n    <div class=\"kksr-stars-active\" style=\"width: 78px;\">\n            <div class=\"kksr-star\">\n            <div class=\"kksr-icon\" style=\"width: 22px; height: 22px;\"><\/div>\n        <\/div>\n            <div class=\"kksr-star\">\n            <div class=\"kksr-icon\" style=\"width: 22px; height: 22px;\"><\/div>\n        <\/div>\n            <div class=\"kksr-star\">\n            <div class=\"kksr-icon\" style=\"width: 22px; height: 22px;\"><\/div>\n        <\/div>\n            <div class=\"kksr-star\">\n            <div class=\"kksr-icon\" style=\"width: 22px; height: 22px;\"><\/div>\n        <\/div>\n            <div class=\"kksr-star\">\n            <div class=\"kksr-icon\" style=\"width: 22px; height: 22px;\"><\/div>\n        <\/div>\n    <\/div>\n<\/div>\n    <div class=\"kksr-legend\">\n            <strong class=\"kksr-score\">3<\/strong>\n        <span class=\"kksr-muted\">\/<\/span>\n        <strong>5<\/strong>\n        <span class=\"kksr-muted\">(<\/span>\n        <strong class=\"kksr-count\">40<\/strong>\n        <span class=\"kksr-muted\">\n            votes        <\/span>\n        <span class=\"kksr-muted\">)<\/span>\n    <\/div>\n<\/div>\n\n<hr \/>\n<p>&nbsp;<\/p>\n","protected":false},"excerpt":{"rendered":"<p>Nachdem Facebook im M\u00e4rz diesen Jahres von einem gro\u00dfen Datenskandal getroffen wurde, \u00fcberlegen sich viele &#8211; und vielleicht auch ihr in N\u00fcnberg, Essen und dem Rest von Deutschland &#8211; ob ihr \u00fcberhaupt noch ein Profil braucht oder ob der Facebook Account lieber gel\u00f6scht werden soll. Doch wie geht das \u00fcberhaupt &#8211; den Facebook Account l\u00f6schen? [&hellip;]<\/p>\n","protected":false},"author":11,"featured_media":6243,"comment_status":"open","ping_status":"open","sticky":false,"template":"","format":"standard","meta":{"_mi_skip_tracking":false},"categories":[254,251],"tags":[185,147,186],"acf":[],"_links":{"self":[{"href":"https:\/\/www.expertiger.de\/blog\/wp-json\/wp\/v2\/posts\/1784"}],"collection":[{"href":"https:\/\/www.expertiger.de\/blog\/wp-json\/wp\/v2\/posts"}],"about":[{"href":"https:\/\/www.expertiger.de\/blog\/wp-json\/wp\/v2\/types\/post"}],"author":[{"embeddable":true,"href":"https:\/\/www.expertiger.de\/blog\/wp-json\/wp\/v2\/users\/11"}],"replies":[{"embeddable":true,"href":"https:\/\/www.expertiger.de\/blog\/wp-json\/wp\/v2\/comments?post=1784"}],"version-history":[{"count":21,"href":"https:\/\/www.expertiger.de\/blog\/wp-json\/wp\/v2\/posts\/1784\/revisions"}],"predecessor-version":[{"id":6971,"href":"https:\/\/www.expertiger.de\/blog\/wp-json\/wp\/v2\/posts\/1784\/revisions\/6971"}],"wp:featuredmedia":[{"embeddable":true,"href":"https:\/\/www.expertiger.de\/blog\/wp-json\/wp\/v2\/media\/6243"}],"wp:attachment":[{"href":"https:\/\/www.expertiger.de\/blog\/wp-json\/wp\/v2\/media?parent=1784"}],"wp:term":[{"taxonomy":"category","embeddable":true,"href":"https:\/\/www.expertiger.de\/blog\/wp-json\/wp\/v2\/categories?post=1784"},{"taxonomy":"post_tag","embeddable":true,"href":"https:\/\/www.expertiger.de\/blog\/wp-json\/wp\/v2\/tags?post=1784"}],"curies":[{"name":"wp","href":"https:\/\/api.w.org\/{rel}","templated":true}]}}